{"id":2656,"date":"2024-10-02T10:24:19","date_gmt":"2024-10-02T08:24:19","guid":{"rendered":"https:\/\/hospiz-elias.de\/15-10-2024-ikinci-galileo-vakasi-yok-kutsal-kitap-escinsellik-hakkinda-neden-hicbir-sey-soeylemiyor\/"},"modified":"2024-10-02T10:24:19","modified_gmt":"2024-10-02T08:24:19","slug":"15-10-2024-ikinci-galileo-vakasi-yok-kutsal-kitap-escinsellik-hakkinda-neden-hicbir-sey-soeylemiyor","status":"publish","type":"post","link":"https:\/\/hospiz-elias.de\/tr\/15-10-2024-ikinci-galileo-vakasi-yok-kutsal-kitap-escinsellik-hakkinda-neden-hicbir-sey-soeylemiyor\/","title":{"rendered":"15.10.2024 \u0130kinci Galileo vakas\u0131 yok: Kutsal Kitap e\u015fcinsellik hakk\u0131nda neden hi\u00e7bir \u015fey s\u00f6ylemiyor?"},"content":{"rendered":"<div class=\"fusion-fullwidth fullwidth-box fusion-builder-row-1 fusion-flex-container nonhundred-percent-fullwidth non-hundred-percent-height-scrolling\" style=\"--awb-border-radius-top-left:0px;--awb-border-radius-top-right:0px;--awb-border-radius-bottom-right:0px;--awb-border-radius-bottom-left:0px;--awb-flex-wrap:wrap;\" ><div class=\"fusion-builder-row fusion-row fusion-flex-align-items-flex-start fusion-flex-content-wrap\" style=\"max-width:1248px;margin-left: calc(-4% \/ 2 );margin-right: calc(-4% \/ 2 );\"><div class=\"fusion-layout-column fusion_builder_column fusion-builder-column-0 fusion_builder_column_1_1 1_1 fusion-flex-column\" style=\"--awb-bg-blend:overlay;--awb-bg-size:cover;--awb-width-large:100%;--awb-margin-top-large:0px;--awb-spacing-right-large:1.92%;--awb-margin-bottom-large:0px;--awb-spacing-left-large:1.92%;--awb-width-medium:100%;--awb-spacing-right-medium:1.92%;--awb-spacing-left-medium:1.92%;--awb-width-small:100%;--awb-spacing-right-small:1.92%;--awb-spacing-left-small:1.92%;\"><div class=\"fusion-column-wrapper fusion-flex-justify-content-flex-start fusion-content-layout-column\"><div class=\"fusion-separator fusion-full-width-sep\" style=\"align-self: center;margin-left: auto;margin-right: auto;margin-bottom:20px;width:100%;\"><\/div><div class=\"fusion-text fusion-text-1\"><p>Galileo Galilei, Kopernik d\u00fcnya g\u00f6r\u00fc\u015f\u00fc (d\u00fcnyan\u0131n g\u00fcne\u015fin etraf\u0131nda d\u00f6nen bir gezegen oldu\u011fu) doktrininin \u0130ncil&#8217;le \u00e7eli\u015fti\u011fi iddias\u0131yla 17. y\u00fczy\u0131lda Kilise taraf\u0131ndan k\u0131nanm\u0131\u015ft\u0131r. 1992 y\u0131l\u0131nda Papa John Paul II, sorunun bilim de\u011fil, \u0130ncil&#8217;in yorumlanmas\u0131 oldu\u011funa i\u015faret ederek Galileo&#8217;ya itibar\u0131n\u0131 iade etmi\u015ftir. \u0130nsan cinselli\u011fi, \u00f6zellikle de e\u015fcinsellikle ilgili bulgularda ayn\u0131 durum tekrarlanmamal\u0131d\u0131r. Eski ve Yeni Ahit&#8217;in bu kavram\u0131 tan\u0131mad\u0131\u011f\u0131 ve dolay\u0131s\u0131yla k\u0131namad\u0131\u011f\u0131 g\u00f6sterilebilir. Yine de Kutsal Kitap g\u00fcn\u00fcm\u00fcz tart\u0131\u015fmalar\u0131 i\u00e7in \u00f6nemli itici g\u00fc\u00e7ler sa\u011flamaktad\u0131r. Her hal\u00fckarda \u0130ncil, e\u015fcinsellik konusunda kilise \u00f6\u011fretisinin yeni bir versiyonunun \u00f6n\u00fcnde engel te\u015fkil etmemektedir. Etkinlik, Heinrich-Pesch-Haus, Katolik Akademisi Rhine-Neckar ile i\u015fbirli\u011fi i\u00e7erisinde d\u00fczenlenmektedir. Yer: Heinrich-Pesch-Haus, Katolik Akademisi Rhine-Neckar, Frankenthaler Str. 229, 67059 Ludwigshafen     <\/p>\n<p><strong>Giri\u015f \u00fccretsizdir! Sizi g\u00f6rmek i\u00e7in sab\u0131rs\u0131zlan\u0131yoruz!<\/strong><\/p>\n<p><strong>\u0130leti\u015fim:<\/strong> <strong><a href=\"mailto:bildungswerk@hospiz-elias.de\">bildungswerk@hospiz-elias.de <\/a><\/strong><strong>veya 0621-635547-0<\/strong><\/p>\n<\/div><\/div><\/div><\/div><\/div>\n","protected":false},"excerpt":{"rendered":"<p>Sizleri <b style=\"color:red;\">15 Ekim 2024<\/b> tarihinde saat 19:00&#8217;daki konferans\u0131m\u0131za davet etmek istiyoruz! Konu\u015fmac\u0131m\u0131z Prof Dr Thomas Hieke, Mainz Johannes Gutenberg \u00dcniversitesi Katolik Teoloji Fak\u00fcltesi&#8217;nde Eski Ahit (\u0130branice Kutsal Kitap) Profes\u00f6r\u00fcd\u00fcr.  <\/p>\n","protected":false},"author":3,"featured_media":2298,"comment_status":"open","ping_status":"open","sticky":false,"template":"","format":"standard","meta":{"footnotes":""},"categories":[],"tags":[],"class_list":["post-2656","post","type-post","status-publish","format-standard","has-post-thumbnail","hentry"],"yoast_head":"<!-- This site is optimized with the Yoast SEO plugin v27.5 - https:\/\/yoast.com\/product\/yoast-seo-wordpress\/ -->\n<title>15.10.2024 \u0130kinci Galileo vakas\u0131 yok: Kutsal Kitap e\u015fcinsellik hakk\u0131nda neden hi\u00e7bir \u015fey s\u00f6ylemiyor? - Hospiz Elias<\/title>\n<meta name=\"robots\" content=\"index, follow, max-snippet:-1, max-image-preview:large, max-video-preview:-1\" \/>\n<link rel=\"canonical\" href=\"https:\/\/hospiz-elias.de\/tr\/15-10-2024-ikinci-galileo-vakasi-yok-kutsal-kitap-escinsellik-hakkinda-neden-hicbir-sey-soeylemiyor\/\" \/>\n<meta property=\"og:locale\" content=\"tr_TR\" \/>\n<meta property=\"og:type\" content=\"article\" \/>\n<meta property=\"og:title\" content=\"15.10.2024 \u0130kinci Galileo vakas\u0131 yok: Kutsal Kitap e\u015fcinsellik hakk\u0131nda neden hi\u00e7bir \u015fey s\u00f6ylemiyor? - Hospiz Elias\" \/>\n<meta property=\"og:description\" content=\"Sizleri 15 Ekim 2024 tarihinde saat 19:00&#039;daki konferans\u0131m\u0131za davet etmek istiyoruz! Konu\u015fmac\u0131m\u0131z Prof Dr Thomas Hieke, Mainz Johannes Gutenberg \u00dcniversitesi Katolik Teoloji Fak\u00fcltesi&#039;nde Eski Ahit (\u0130branice Kutsal Kitap) Profes\u00f6r\u00fcd\u00fcr.\" \/>\n<meta property=\"og:url\" content=\"https:\/\/hospiz-elias.de\/tr\/15-10-2024-ikinci-galileo-vakasi-yok-kutsal-kitap-escinsellik-hakkinda-neden-hicbir-sey-soeylemiyor\/\" \/>\n<meta property=\"og:site_name\" content=\"Hospiz Elias\" \/>\n<meta property=\"article:published_time\" content=\"2024-10-02T08:24:19+00:00\" \/>\n<meta property=\"og:image\" content=\"https:\/\/hospiz-elias.de\/wp-content\/uploads\/2024\/10\/Prof_Dr_Hieke-2.jpg\" \/>\n\t<meta property=\"og:image:width\" content=\"340\" \/>\n\t<meta property=\"og:image:height\" content=\"411\" \/>\n\t<meta property=\"og:image:type\" content=\"image\/jpeg\" \/>\n<meta name=\"author\" content=\"Daniela Caruana\" \/>\n<meta name=\"twitter:card\" content=\"summary_large_image\" \/>\n<meta name=\"twitter:label1\" content=\"Yazan:\" \/>\n\t<meta name=\"twitter:data1\" content=\"Daniela Caruana\" \/>\n\t<meta name=\"twitter:label2\" content=\"Tahmini okuma s\u00fcresi\" \/>\n\t<meta name=\"twitter:data2\" content=\"2 dakika\" \/>\n<script type=\"application\/ld+json\" class=\"yoast-schema-graph\">{\"@context\":\"https:\\\/\\\/schema.org\",\"@graph\":[{\"@type\":\"Article\",\"@id\":\"https:\\\/\\\/hospiz-elias.de\\\/tr\\\/15-10-2024-ikinci-galileo-vakasi-yok-kutsal-kitap-escinsellik-hakkinda-neden-hicbir-sey-soeylemiyor\\\/#article\",\"isPartOf\":{\"@id\":\"https:\\\/\\\/hospiz-elias.de\\\/tr\\\/15-10-2024-ikinci-galileo-vakasi-yok-kutsal-kitap-escinsellik-hakkinda-neden-hicbir-sey-soeylemiyor\\\/\"},\"author\":{\"name\":\"Daniela Caruana\",\"@id\":\"https:\\\/\\\/hospiz-elias.de\\\/#\\\/schema\\\/person\\\/48cf6bcae9a5046c5aa1421784b2fe21\"},\"headline\":\"15.10.2024 \u0130kinci Galileo vakas\u0131 yok: Kutsal Kitap e\u015fcinsellik hakk\u0131nda neden hi\u00e7bir \u015fey s\u00f6ylemiyor?\",\"datePublished\":\"2024-10-02T08:24:19+00:00\",\"mainEntityOfPage\":{\"@id\":\"https:\\\/\\\/hospiz-elias.de\\\/tr\\\/15-10-2024-ikinci-galileo-vakasi-yok-kutsal-kitap-escinsellik-hakkinda-neden-hicbir-sey-soeylemiyor\\\/\"},\"wordCount\":406,\"commentCount\":0,\"image\":{\"@id\":\"https:\\\/\\\/hospiz-elias.de\\\/tr\\\/15-10-2024-ikinci-galileo-vakasi-yok-kutsal-kitap-escinsellik-hakkinda-neden-hicbir-sey-soeylemiyor\\\/#primaryimage\"},\"thumbnailUrl\":\"https:\\\/\\\/hospiz-elias.de\\\/wp-content\\\/uploads\\\/2024\\\/10\\\/Prof_Dr_Hieke-2.jpg\",\"inLanguage\":\"tr\",\"potentialAction\":[{\"@type\":\"CommentAction\",\"name\":\"Comment\",\"target\":[\"https:\\\/\\\/hospiz-elias.de\\\/tr\\\/15-10-2024-ikinci-galileo-vakasi-yok-kutsal-kitap-escinsellik-hakkinda-neden-hicbir-sey-soeylemiyor\\\/#respond\"]}]},{\"@type\":\"WebPage\",\"@id\":\"https:\\\/\\\/hospiz-elias.de\\\/tr\\\/15-10-2024-ikinci-galileo-vakasi-yok-kutsal-kitap-escinsellik-hakkinda-neden-hicbir-sey-soeylemiyor\\\/\",\"url\":\"https:\\\/\\\/hospiz-elias.de\\\/tr\\\/15-10-2024-ikinci-galileo-vakasi-yok-kutsal-kitap-escinsellik-hakkinda-neden-hicbir-sey-soeylemiyor\\\/\",\"name\":\"15.10.2024 \u0130kinci Galileo vakas\u0131 yok: Kutsal Kitap e\u015fcinsellik hakk\u0131nda neden hi\u00e7bir \u015fey s\u00f6ylemiyor? - Hospiz Elias\",\"isPartOf\":{\"@id\":\"https:\\\/\\\/hospiz-elias.de\\\/#website\"},\"primaryImageOfPage\":{\"@id\":\"https:\\\/\\\/hospiz-elias.de\\\/tr\\\/15-10-2024-ikinci-galileo-vakasi-yok-kutsal-kitap-escinsellik-hakkinda-neden-hicbir-sey-soeylemiyor\\\/#primaryimage\"},\"image\":{\"@id\":\"https:\\\/\\\/hospiz-elias.de\\\/tr\\\/15-10-2024-ikinci-galileo-vakasi-yok-kutsal-kitap-escinsellik-hakkinda-neden-hicbir-sey-soeylemiyor\\\/#primaryimage\"},\"thumbnailUrl\":\"https:\\\/\\\/hospiz-elias.de\\\/wp-content\\\/uploads\\\/2024\\\/10\\\/Prof_Dr_Hieke-2.jpg\",\"datePublished\":\"2024-10-02T08:24:19+00:00\",\"author\":{\"@id\":\"https:\\\/\\\/hospiz-elias.de\\\/#\\\/schema\\\/person\\\/48cf6bcae9a5046c5aa1421784b2fe21\"},\"breadcrumb\":{\"@id\":\"https:\\\/\\\/hospiz-elias.de\\\/tr\\\/15-10-2024-ikinci-galileo-vakasi-yok-kutsal-kitap-escinsellik-hakkinda-neden-hicbir-sey-soeylemiyor\\\/#breadcrumb\"},\"inLanguage\":\"tr\",\"potentialAction\":[{\"@type\":\"ReadAction\",\"target\":[\"https:\\\/\\\/hospiz-elias.de\\\/tr\\\/15-10-2024-ikinci-galileo-vakasi-yok-kutsal-kitap-escinsellik-hakkinda-neden-hicbir-sey-soeylemiyor\\\/\"]}]},{\"@type\":\"ImageObject\",\"inLanguage\":\"tr\",\"@id\":\"https:\\\/\\\/hospiz-elias.de\\\/tr\\\/15-10-2024-ikinci-galileo-vakasi-yok-kutsal-kitap-escinsellik-hakkinda-neden-hicbir-sey-soeylemiyor\\\/#primaryimage\",\"url\":\"https:\\\/\\\/hospiz-elias.de\\\/wp-content\\\/uploads\\\/2024\\\/10\\\/Prof_Dr_Hieke-2.jpg\",\"contentUrl\":\"https:\\\/\\\/hospiz-elias.de\\\/wp-content\\\/uploads\\\/2024\\\/10\\\/Prof_Dr_Hieke-2.jpg\",\"width\":340,\"height\":411},{\"@type\":\"BreadcrumbList\",\"@id\":\"https:\\\/\\\/hospiz-elias.de\\\/tr\\\/15-10-2024-ikinci-galileo-vakasi-yok-kutsal-kitap-escinsellik-hakkinda-neden-hicbir-sey-soeylemiyor\\\/#breadcrumb\",\"itemListElement\":[{\"@type\":\"ListItem\",\"position\":1,\"name\":\"Startseite\",\"item\":\"https:\\\/\\\/hospiz-elias.de\\\/\"},{\"@type\":\"ListItem\",\"position\":2,\"name\":\"15.10.2024 \u0130kinci Galileo vakas\u0131 yok: Kutsal Kitap e\u015fcinsellik hakk\u0131nda neden hi\u00e7bir \u015fey s\u00f6ylemiyor?\"}]},{\"@type\":\"WebSite\",\"@id\":\"https:\\\/\\\/hospiz-elias.de\\\/#website\",\"url\":\"https:\\\/\\\/hospiz-elias.de\\\/\",\"name\":\"Hospiz Elias\",\"description\":\"\",\"potentialAction\":[{\"@type\":\"SearchAction\",\"target\":{\"@type\":\"EntryPoint\",\"urlTemplate\":\"https:\\\/\\\/hospiz-elias.de\\\/?s={search_term_string}\"},\"query-input\":{\"@type\":\"PropertyValueSpecification\",\"valueRequired\":true,\"valueName\":\"search_term_string\"}}],\"inLanguage\":\"tr\"},{\"@type\":\"Person\",\"@id\":\"https:\\\/\\\/hospiz-elias.de\\\/#\\\/schema\\\/person\\\/48cf6bcae9a5046c5aa1421784b2fe21\",\"name\":\"Daniela Caruana\",\"image\":{\"@type\":\"ImageObject\",\"inLanguage\":\"tr\",\"@id\":\"https:\\\/\\\/secure.gravatar.com\\\/avatar\\\/b90f76925b730f81f2b8252ed6670a48303072b1cafdf742faa8a0c11903811d?s=96&d=mm&r=g\",\"url\":\"https:\\\/\\\/secure.gravatar.com\\\/avatar\\\/b90f76925b730f81f2b8252ed6670a48303072b1cafdf742faa8a0c11903811d?s=96&d=mm&r=g\",\"contentUrl\":\"https:\\\/\\\/secure.gravatar.com\\\/avatar\\\/b90f76925b730f81f2b8252ed6670a48303072b1cafdf742faa8a0c11903811d?s=96&d=mm&r=g\",\"caption\":\"Daniela Caruana\"}}]}<\/script>\n<!-- \/ Yoast SEO plugin. -->","yoast_head_json":{"title":"15.10.2024 \u0130kinci Galileo vakas\u0131 yok: Kutsal Kitap e\u015fcinsellik hakk\u0131nda neden hi\u00e7bir \u015fey s\u00f6ylemiyor? - Hospiz Elias","robots":{"index":"index","follow":"follow","max-snippet":"max-snippet:-1","max-image-preview":"max-image-preview:large","max-video-preview":"max-video-preview:-1"},"canonical":"https:\/\/hospiz-elias.de\/tr\/15-10-2024-ikinci-galileo-vakasi-yok-kutsal-kitap-escinsellik-hakkinda-neden-hicbir-sey-soeylemiyor\/","og_locale":"tr_TR","og_type":"article","og_title":"15.10.2024 \u0130kinci Galileo vakas\u0131 yok: Kutsal Kitap e\u015fcinsellik hakk\u0131nda neden hi\u00e7bir \u015fey s\u00f6ylemiyor? - Hospiz Elias","og_description":"Sizleri 15 Ekim 2024 tarihinde saat 19:00'daki konferans\u0131m\u0131za davet etmek istiyoruz! Konu\u015fmac\u0131m\u0131z Prof Dr Thomas Hieke, Mainz Johannes Gutenberg \u00dcniversitesi Katolik Teoloji Fak\u00fcltesi'nde Eski Ahit (\u0130branice Kutsal Kitap) Profes\u00f6r\u00fcd\u00fcr.","og_url":"https:\/\/hospiz-elias.de\/tr\/15-10-2024-ikinci-galileo-vakasi-yok-kutsal-kitap-escinsellik-hakkinda-neden-hicbir-sey-soeylemiyor\/","og_site_name":"Hospiz Elias","article_published_time":"2024-10-02T08:24:19+00:00","og_image":[{"width":340,"height":411,"url":"https:\/\/hospiz-elias.de\/wp-content\/uploads\/2024\/10\/Prof_Dr_Hieke-2.jpg","type":"image\/jpeg"}],"author":"Daniela Caruana","twitter_card":"summary_large_image","twitter_misc":{"Yazan:":"Daniela Caruana","Tahmini okuma s\u00fcresi":"2 dakika"},"schema":{"@context":"https:\/\/schema.org","@graph":[{"@type":"Article","@id":"https:\/\/hospiz-elias.de\/tr\/15-10-2024-ikinci-galileo-vakasi-yok-kutsal-kitap-escinsellik-hakkinda-neden-hicbir-sey-soeylemiyor\/#article","isPartOf":{"@id":"https:\/\/hospiz-elias.de\/tr\/15-10-2024-ikinci-galileo-vakasi-yok-kutsal-kitap-escinsellik-hakkinda-neden-hicbir-sey-soeylemiyor\/"},"author":{"name":"Daniela Caruana","@id":"https:\/\/hospiz-elias.de\/#\/schema\/person\/48cf6bcae9a5046c5aa1421784b2fe21"},"headline":"15.10.2024 \u0130kinci Galileo vakas\u0131 yok: Kutsal Kitap e\u015fcinsellik hakk\u0131nda neden hi\u00e7bir \u015fey s\u00f6ylemiyor?","datePublished":"2024-10-02T08:24:19+00:00","mainEntityOfPage":{"@id":"https:\/\/hospiz-elias.de\/tr\/15-10-2024-ikinci-galileo-vakasi-yok-kutsal-kitap-escinsellik-hakkinda-neden-hicbir-sey-soeylemiyor\/"},"wordCount":406,"commentCount":0,"image":{"@id":"https:\/\/hospiz-elias.de\/tr\/15-10-2024-ikinci-galileo-vakasi-yok-kutsal-kitap-escinsellik-hakkinda-neden-hicbir-sey-soeylemiyor\/#primaryimage"},"thumbnailUrl":"https:\/\/hospiz-elias.de\/wp-content\/uploads\/2024\/10\/Prof_Dr_Hieke-2.jpg","inLanguage":"tr","potentialAction":[{"@type":"CommentAction","name":"Comment","target":["https:\/\/hospiz-elias.de\/tr\/15-10-2024-ikinci-galileo-vakasi-yok-kutsal-kitap-escinsellik-hakkinda-neden-hicbir-sey-soeylemiyor\/#respond"]}]},{"@type":"WebPage","@id":"https:\/\/hospiz-elias.de\/tr\/15-10-2024-ikinci-galileo-vakasi-yok-kutsal-kitap-escinsellik-hakkinda-neden-hicbir-sey-soeylemiyor\/","url":"https:\/\/hospiz-elias.de\/tr\/15-10-2024-ikinci-galileo-vakasi-yok-kutsal-kitap-escinsellik-hakkinda-neden-hicbir-sey-soeylemiyor\/","name":"15.10.2024 \u0130kinci Galileo vakas\u0131 yok: Kutsal Kitap e\u015fcinsellik hakk\u0131nda neden hi\u00e7bir \u015fey s\u00f6ylemiyor? - Hospiz Elias","isPartOf":{"@id":"https:\/\/hospiz-elias.de\/#website"},"primaryImageOfPage":{"@id":"https:\/\/hospiz-elias.de\/tr\/15-10-2024-ikinci-galileo-vakasi-yok-kutsal-kitap-escinsellik-hakkinda-neden-hicbir-sey-soeylemiyor\/#primaryimage"},"image":{"@id":"https:\/\/hospiz-elias.de\/tr\/15-10-2024-ikinci-galileo-vakasi-yok-kutsal-kitap-escinsellik-hakkinda-neden-hicbir-sey-soeylemiyor\/#primaryimage"},"thumbnailUrl":"https:\/\/hospiz-elias.de\/wp-content\/uploads\/2024\/10\/Prof_Dr_Hieke-2.jpg","datePublished":"2024-10-02T08:24:19+00:00","author":{"@id":"https:\/\/hospiz-elias.de\/#\/schema\/person\/48cf6bcae9a5046c5aa1421784b2fe21"},"breadcrumb":{"@id":"https:\/\/hospiz-elias.de\/tr\/15-10-2024-ikinci-galileo-vakasi-yok-kutsal-kitap-escinsellik-hakkinda-neden-hicbir-sey-soeylemiyor\/#breadcrumb"},"inLanguage":"tr","potentialAction":[{"@type":"ReadAction","target":["https:\/\/hospiz-elias.de\/tr\/15-10-2024-ikinci-galileo-vakasi-yok-kutsal-kitap-escinsellik-hakkinda-neden-hicbir-sey-soeylemiyor\/"]}]},{"@type":"ImageObject","inLanguage":"tr","@id":"https:\/\/hospiz-elias.de\/tr\/15-10-2024-ikinci-galileo-vakasi-yok-kutsal-kitap-escinsellik-hakkinda-neden-hicbir-sey-soeylemiyor\/#primaryimage","url":"https:\/\/hospiz-elias.de\/wp-content\/uploads\/2024\/10\/Prof_Dr_Hieke-2.jpg","contentUrl":"https:\/\/hospiz-elias.de\/wp-content\/uploads\/2024\/10\/Prof_Dr_Hieke-2.jpg","width":340,"height":411},{"@type":"BreadcrumbList","@id":"https:\/\/hospiz-elias.de\/tr\/15-10-2024-ikinci-galileo-vakasi-yok-kutsal-kitap-escinsellik-hakkinda-neden-hicbir-sey-soeylemiyor\/#breadcrumb","itemListElement":[{"@type":"ListItem","position":1,"name":"Startseite","item":"https:\/\/hospiz-elias.de\/"},{"@type":"ListItem","position":2,"name":"15.10.2024 \u0130kinci Galileo vakas\u0131 yok: Kutsal Kitap e\u015fcinsellik hakk\u0131nda neden hi\u00e7bir \u015fey s\u00f6ylemiyor?"}]},{"@type":"WebSite","@id":"https:\/\/hospiz-elias.de\/#website","url":"https:\/\/hospiz-elias.de\/","name":"Hospiz Elias","description":"","potentialAction":[{"@type":"SearchAction","target":{"@type":"EntryPoint","urlTemplate":"https:\/\/hospiz-elias.de\/?s={search_term_string}"},"query-input":{"@type":"PropertyValueSpecification","valueRequired":true,"valueName":"search_term_string"}}],"inLanguage":"tr"},{"@type":"Person","@id":"https:\/\/hospiz-elias.de\/#\/schema\/person\/48cf6bcae9a5046c5aa1421784b2fe21","name":"Daniela Caruana","image":{"@type":"ImageObject","inLanguage":"tr","@id":"https:\/\/secure.gravatar.com\/avatar\/b90f76925b730f81f2b8252ed6670a48303072b1cafdf742faa8a0c11903811d?s=96&d=mm&r=g","url":"https:\/\/secure.gravatar.com\/avatar\/b90f76925b730f81f2b8252ed6670a48303072b1cafdf742faa8a0c11903811d?s=96&d=mm&r=g","contentUrl":"https:\/\/secure.gravatar.com\/avatar\/b90f76925b730f81f2b8252ed6670a48303072b1cafdf742faa8a0c11903811d?s=96&d=mm&r=g","caption":"Daniela Caruana"}}]}},"_links":{"self":[{"href":"https:\/\/hospiz-elias.de\/tr\/wp-json\/wp\/v2\/posts\/2656","targetHints":{"allow":["GET"]}}],"collection":[{"href":"https:\/\/hospiz-elias.de\/tr\/wp-json\/wp\/v2\/posts"}],"about":[{"href":"https:\/\/hospiz-elias.de\/tr\/wp-json\/wp\/v2\/types\/post"}],"author":[{"embeddable":true,"href":"https:\/\/hospiz-elias.de\/tr\/wp-json\/wp\/v2\/users\/3"}],"replies":[{"embeddable":true,"href":"https:\/\/hospiz-elias.de\/tr\/wp-json\/wp\/v2\/comments?post=2656"}],"version-history":[{"count":0,"href":"https:\/\/hospiz-elias.de\/tr\/wp-json\/wp\/v2\/posts\/2656\/revisions"}],"wp:featuredmedia":[{"embeddable":true,"href":"https:\/\/hospiz-elias.de\/tr\/wp-json\/wp\/v2\/media\/2298"}],"wp:attachment":[{"href":"https:\/\/hospiz-elias.de\/tr\/wp-json\/wp\/v2\/media?parent=2656"}],"wp:term":[{"taxonomy":"category","embeddable":true,"href":"https:\/\/hospiz-elias.de\/tr\/wp-json\/wp\/v2\/categories?post=2656"},{"taxonomy":"post_tag","embeddable":true,"href":"https:\/\/hospiz-elias.de\/tr\/wp-json\/wp\/v2\/tags?post=2656"}],"curies":[{"name":"wp","href":"https:\/\/api.w.org\/{rel}","templated":true}]}}